{"id":698,"date":"2024-11-14T22:30:18","date_gmt":"2024-11-14T20:30:18","guid":{"rendered":"https:\/\/asyakm.org\/?p=698"},"modified":"2024-11-15T10:30:41","modified_gmt":"2024-11-15T08:30:41","slug":"eyup-sultan-camiinde-manevi-bulusma","status":"publish","type":"post","link":"https:\/\/asyakm.org\/index.php\/2024\/11\/14\/eyup-sultan-camiinde-manevi-bulusma\/","title":{"rendered":"Ey\u00fcp Sultan Camiinde Manev\u00ee Bulu\u015fma"},"content":{"rendered":"\n<p>27 Ekim 2024 Pazar g\u00fcn\u00fc, \u00dcstad Bedi\u00fczzaman Said Nurs\u00ee Hazretleri ba\u015fta olmak \u00fczere b\u00fct\u00fcn vefat etmi\u015f ehl-i iman i\u00e7in \u0130stanbul Ey\u00fcp Sultan Camiinde anlaml\u0131 bir mevlid ger\u00e7ekle\u015ftirildi.<\/p>\n\n\n\n<p>Video i\u00e7in T\u0131klay\u0131n\u0131z<\/p>\n\n\n\n<figure class=\"wp-block-embed is-type-video is-provider-youtube wp-block-embed-youtube wp-embed-aspect-16-9 wp-has-aspect-ratio\"><div class=\"wp-block-embed__wrapper\">\n<iframe title=\"EYU\u0308P SULTAN MEVLU\u0308DU\u0308 istanbul\" width=\"843\" height=\"474\" src=\"https:\/\/www.youtube.com\/embed\/i_x99FZd3XE?start=6&#038;feature=oembed\" frameborder=\"0\" allow=\"accelerometer; autoplay; clipboard-write; encrypted-media; gyroscope; picture-in-picture; web-share\" referrerpolicy=\"strict-origin-when-cross-origin\" allowfullscreen><\/iframe>\n<\/div><\/figure>\n\n\n\n<p><strong>HABER &#8211; FOTO: ERHAN AKKAYA<\/strong><\/p>\n\n\n\n<p>Asya K\u00fclt\u00fcr ve Medeniyet Derne\u011fi ile Yeni Asya \u0130stanbul taraf\u0131ndan 27 Ekim 2024 Pazar g\u00fcn\u00fc, ba\u015fta Peygamber Efendimiz -Aleyhissalatu Vesselam-&nbsp;olmak \u00fczere b\u00fct\u00fcn Peygamberlerin, Sahabelerin, hususan \u00dcstad Bedi\u00fczzaman Said Nurs\u00ee Hazretlerinin ve ahirete irtihal eden Risale-i Nur Talebelerinin ve sair ehl-i iman ve \u015f\u00fchedan\u0131n ruhlar\u0131na ithafen \u0130stanbul Ey\u00fcp Sultan Camiinde anlaml\u0131 bir mevlid ger\u00e7ekle\u015ftirildi.\u00d6\u011fle namaz\u0131 sonras\u0131nda okunan mevlide, \u0130stanbul ba\u015fta olmak \u00fczere, \u00e7evre il ve il\u00e7elerden de \u00e7ok say\u0131da ki\u015fi i\u015ftirak etti. Ey\u00fcp Sultan Camiinde d\u00fczenlenen ilk Bedi\u00fczzaman Mevlidi olmas\u0131 ise program\u0131 daha da anlaml\u0131 k\u0131ld\u0131.<\/p>\n\n\n\n<figure class=\"wp-block-image size-full\"><img fetchpriority=\"high\" decoding=\"async\" width=\"1000\" height=\"665\" src=\"https:\/\/asyakm.org\/wp-content\/uploads\/2024\/11\/mevlid3.jpeg\" alt=\"\" class=\"wp-image-701\" srcset=\"https:\/\/asyakm.org\/wp-content\/uploads\/2024\/11\/mevlid3.jpeg 1000w, https:\/\/asyakm.org\/wp-content\/uploads\/2024\/11\/mevlid3-300x200.jpeg 300w, https:\/\/asyakm.org\/wp-content\/uploads\/2024\/11\/mevlid3-768x511.jpeg 768w\" sizes=\"(max-width: 1000px) 100vw, 1000px\" \/><\/figure>\n\n\n\n<p><strong>PROGRAM KUR\u2019\u00c2N T\u0130LAVET\u0130 \u0130LE BA\u015eLADI&nbsp;<\/strong><\/p>\n\n\n\n<p>Mevlid program\u0131 \u00f6ncesinde Kur\u2019\u00e2n-\u0131 Ker\u00eem\u2019den a\u015firler okunup dualar edildi. Ey\u00fcp Sultan Camiinin haf\u0131z ve mevlidhanlar\u0131, Bedi\u00fczzaman Hazretleri ve ahirete irtihal eden t\u00fcm iman ehli i\u00e7in dualar e\u015fli\u011finde mevlidi okudu.<\/p>\n\n\n\n<p><\/p>\n\n\n\n<p>Program s\u0131ras\u0131nda kat\u0131l\u0131mc\u0131lara Bedi\u00fczzaman Said Nurs\u00ee ve Risale-i Nur hakk\u0131nda bilgi veren bir bro\u015f\u00fcr ve gazetemiz da\u011f\u0131t\u0131ld\u0131. Mevlide gelenlere ayr\u0131ca lokum ve mevlid \u015fekeri de ikram edildi. Mevlid, H\u00fcr Asya TV taraf\u0131ndan canl\u0131 yay\u0131nland\u0131. Programa gelenlerle r\u00f6portajlar yapt\u0131.<\/p>\n\n\n\n<p><strong>MEVL\u0130D HAKKINDA B\u0130LG\u0130 VER\u0130LD\u0130<\/strong><\/p>\n\n\n\n<p><strong>Mevlid tertip heyeti ad\u0131na konu\u015fan Hasan G\u00fcne\u015f, programla ilgili olarak \u015funlar\u0131 s\u00f6yledi:<\/strong><\/p>\n\n\n\n<p>\u201cBedi\u00fczzaman Said Nurs\u00ee Hazretleri, \u0130sl\u00e2m\u2019a ve Kur\u2019\u00e2n\u2019a b\u00fcy\u00fck hizmetler etmi\u015f bir zat. Hayat\u0131n\u0131 bu milletin iman\u0131n\u0131n muhafazas\u0131 ve kurtulmas\u0131 i\u00e7in adam\u0131\u015ft\u0131r. Ona olan vefam\u0131z\u0131 bir nebze olsun g\u00f6stermek ad\u0131na bu mevlidi tertip ettik. \u0130stanbul\u2019un manev\u00ee fatihi Ey\u00fcp Sultan Hazretlerinin mek\u00e2n\u0131 olan bu camide ona olan borcumuzu eda etmeye \u00e7al\u0131\u015ft\u0131k. Bu mek\u00e2n, Bedi\u00fczzaman Hazretlerinin s\u0131k s\u0131k tefekk\u00fcr etti\u011fi ve itikafa \u00e7ekildi\u011fi bir yer. Ayr\u0131ca Ey\u00fcp Sultan Camii, Osmanl\u0131 padi\u015fahlar\u0131n\u0131n k\u0131l\u0131\u00e7 ku\u015fanma yeri olup, me\u015fruiyetlerini ald\u0131klar\u0131 yerdir. Bedi\u00fczzaman Hazretleri de Sultan Re\u015fad\u2019\u0131n k\u0131l\u0131\u00e7 ku\u015fanma t\u00f6reninde bulunmu\u015f ve onu \u015eark ulemas\u0131 ad\u0131na tebrik etmi\u015ftir. Bug\u00fcn burada, g\u00fczel bir mevlid d\u00fczenledik. Organizasyonu ger\u00e7ekle\u015ftirenlere, cami g\u00f6revlilerine ve b\u00fct\u00fcn kat\u0131l\u0131mc\u0131lara te\u015fekk\u00fcr ederiz. Dualar\u0131m\u0131z\u0131n memleketimizin ve \u0130sl\u00e2m d\u00fcnyas\u0131n\u0131n s\u0131k\u0131nt\u0131lar\u0131ndan kurtulmas\u0131na vesile olmas\u0131n\u0131 diliyoruz.\u201d<\/p>\n\n\n\n<figure class=\"wp-block-image size-full\"><img decoding=\"async\" width=\"1000\" height=\"760\" src=\"https:\/\/asyakm.org\/wp-content\/uploads\/2024\/11\/mevlid4.jpeg\" alt=\"\" class=\"wp-image-702\" srcset=\"https:\/\/asyakm.org\/wp-content\/uploads\/2024\/11\/mevlid4.jpeg 1000w, https:\/\/asyakm.org\/wp-content\/uploads\/2024\/11\/mevlid4-300x228.jpeg 300w, https:\/\/asyakm.org\/wp-content\/uploads\/2024\/11\/mevlid4-768x584.jpeg 768w\" sizes=\"(max-width: 1000px) 100vw, 1000px\" \/><\/figure>\n\n\n\n<p><strong>\u00c7OCUKLAR DA MANEV\u00ce HAVADAN NAS\u0130B\u0130N\u0130 ALDI<\/strong><\/p>\n\n\n\n<p>\u0130stanbul\u2019un bahar havas\u0131n\u0131 and\u0131ran g\u00fczel bir g\u00fcn\u00fcnde okunan mevlide ya\u015fl\u0131 gen\u00e7 her ya\u015ftan insan katld\u0131.<\/p>\n\n\n\n<p>\u00d6zellikle \u00e7ocuklar\u0131yla gelen anne babalar, Ey\u00fcp Sultan Hazretleri\u2019nin manev\u00ee g\u00f6lgesinde bu anlaml\u0131 etkinli\u011fe kat\u0131lman\u0131n huzurunu ya\u015fad\u0131lar. Mevlid ayr\u0131ca, uzun s\u00fcredir birbirini g\u00f6remeyen dostlar\u0131n bulu\u015fmas\u0131na da vesile oldu. Kat\u0131l\u0131mc\u0131lar, bu manev\u00ee atmosferde bir araya gelerek hem sohbet etme imk\u00e2n\u0131 buldular hem de eski dostluklar\u0131n\u0131 tazelediler.<\/p>\n\n\n\n<figure class=\"wp-block-image size-full\"><img decoding=\"async\" width=\"1000\" height=\"665\" src=\"https:\/\/asyakm.org\/wp-content\/uploads\/2024\/11\/mevlid5.jpeg\" alt=\"\" class=\"wp-image-703\" srcset=\"https:\/\/asyakm.org\/wp-content\/uploads\/2024\/11\/mevlid5.jpeg 1000w, https:\/\/asyakm.org\/wp-content\/uploads\/2024\/11\/mevlid5-300x200.jpeg 300w, https:\/\/asyakm.org\/wp-content\/uploads\/2024\/11\/mevlid5-768x511.jpeg 768w\" sizes=\"(max-width: 1000px) 100vw, 1000px\" \/><\/figure>\n\n\n\n<p><strong>NUR TALEBELER\u0130 ASAY\u0130\u015e\u0130N MANEV\u00ce BEK\u00c7\u0130LER\u0130D\u0130R<\/strong><\/p>\n\n\n\n<p>Mevlid, Bedi\u00fczzaman Said Nurs\u00ee Hazretlerinin \u0130sl\u00e2m d\u00fcnyas\u0131na b\u0131rakt\u0131\u011f\u0131 manev\u00ee miras\u0131 bir kez daha g\u00f6zler \u00f6n\u00fcne serdi. Mevlide kat\u0131lanlar, m\u00fcsbet hareketin g\u00fczel bir \u00f6rne\u011fini g\u00f6stererek birlik ve beraberlik ruhunu peki\u015ftirdiler. Mevlid, en k\u00fc\u00e7\u00fck bir naho\u015f hadise ya\u015fanmadan, huzur ve s\u00fck\u00fbnet i\u00e7inde nihayete erdi. Risale-i Nur prensiplerini hayat d\u00fcsturu edinen Nur Talebeleri &#8220;asayi\u015fin manev\u00ee bek\u00e7ileri&#8221; olduklar\u0131n\u0131 bir kez daha lisan-\u0131 halleriyle g\u00f6stermi\u015f oldular.<\/p>\n\n\n\n<figure class=\"wp-block-image size-full\"><img loading=\"lazy\" decoding=\"async\" width=\"1000\" height=\"665\" src=\"https:\/\/asyakm.org\/wp-content\/uploads\/2024\/11\/mevlid6.jpeg\" alt=\"\" class=\"wp-image-704\" srcset=\"https:\/\/asyakm.org\/wp-content\/uploads\/2024\/11\/mevlid6.jpeg 1000w, https:\/\/asyakm.org\/wp-content\/uploads\/2024\/11\/mevlid6-300x200.jpeg 300w, https:\/\/asyakm.org\/wp-content\/uploads\/2024\/11\/mevlid6-768x511.jpeg 768w\" sizes=\"(max-width: 1000px) 100vw, 1000px\" \/><\/figure>\n\n\n\n<p><strong>MEZARLARI Z\u0130YARET ED\u0130LD\u0130 FAT\u0130HALAR OKUNDU<\/strong><\/p>\n\n\n\n<p>Ey\u00fcp Sultan Camiinde \u00f6\u011fle namaz\u0131 sonras\u0131 okunan mevlide i\u015ftirak edenler, mevlid sonras\u0131 Ey\u00fcp Sultan Kapristan\u0131n\u0131 ziyaret ederek Bedi\u00fczzaman Said Nurs\u00ee Hazretlerinin talebelerinin kabirleri ba\u015f\u0131nda fatihalar okudu.<\/p>\n\n\n\n<figure class=\"wp-block-image size-full\"><img loading=\"lazy\" decoding=\"async\" width=\"563\" height=\"1000\" src=\"https:\/\/asyakm.org\/wp-content\/uploads\/2024\/11\/mevlid8.jpeg\" alt=\"\" class=\"wp-image-707\" srcset=\"https:\/\/asyakm.org\/wp-content\/uploads\/2024\/11\/mevlid8.jpeg 563w, https:\/\/asyakm.org\/wp-content\/uploads\/2024\/11\/mevlid8-169x300.jpeg 169w\" sizes=\"(max-width: 563px) 100vw, 563px\" \/><\/figure>\n\n\n\n<figure class=\"wp-block-image size-full\"><img loading=\"lazy\" decoding=\"async\" width=\"716\" height=\"1000\" src=\"https:\/\/asyakm.org\/wp-content\/uploads\/2024\/11\/mevlid7.jpeg\" alt=\"\" class=\"wp-image-706\" srcset=\"https:\/\/asyakm.org\/wp-content\/uploads\/2024\/11\/mevlid7.jpeg 716w, https:\/\/asyakm.org\/wp-content\/uploads\/2024\/11\/mevlid7-215x300.jpeg 215w\" sizes=\"(max-width: 716px) 100vw, 716px\" \/><\/figure>\n","protected":false},"excerpt":{"rendered":"<p>27 Ekim 2024 Pazar g\u00fcn\u00fc, \u00dcstad Bedi\u00fczzaman Said Nurs\u00ee Hazretleri ba\u015fta olmak \u00fczere b\u00fct\u00fcn vefat etmi\u015f ehl-i iman i\u00e7in \u0130stanbul Ey\u00fcp Sultan Camiinde anlaml\u0131 bir&hellip;<\/p>\n","protected":false},"author":1,"featured_media":0,"comment_status":"open","ping_status":"open","sticky":false,"template":"","format":"standard","meta":{"footnotes":""},"categories":[4],"tags":[10,9],"class_list":["post-698","post","type-post","status-publish","format-standard","hentry","category-faaliyet","tag-bediuzzaman","tag-mevlid"],"_links":{"self":[{"href":"https:\/\/asyakm.org\/index.php\/wp-json\/wp\/v2\/posts\/698","targetHints":{"allow":["GET"]}}],"collection":[{"href":"https:\/\/asyakm.org\/index.php\/wp-json\/wp\/v2\/posts"}],"about":[{"href":"https:\/\/asyakm.org\/index.php\/wp-json\/wp\/v2\/types\/post"}],"author":[{"embeddable":true,"href":"https:\/\/asyakm.org\/index.php\/wp-json\/wp\/v2\/users\/1"}],"replies":[{"embeddable":true,"href":"https:\/\/asyakm.org\/index.php\/wp-json\/wp\/v2\/comments?post=698"}],"version-history":[{"count":3,"href":"https:\/\/asyakm.org\/index.php\/wp-json\/wp\/v2\/posts\/698\/revisions"}],"predecessor-version":[{"id":711,"href":"https:\/\/asyakm.org\/index.php\/wp-json\/wp\/v2\/posts\/698\/revisions\/711"}],"wp:attachment":[{"href":"https:\/\/asyakm.org\/index.php\/wp-json\/wp\/v2\/media?parent=698"}],"wp:term":[{"taxonomy":"category","embeddable":true,"href":"https:\/\/asyakm.org\/index.php\/wp-json\/wp\/v2\/categories?post=698"},{"taxonomy":"post_tag","embeddable":true,"href":"https:\/\/asyakm.org\/index.php\/wp-json\/wp\/v2\/tags?post=698"}],"curies":[{"name":"wp","href":"https:\/\/api.w.org\/{rel}","templated":true}]}}