{"id":746,"date":"2025-10-13T10:02:50","date_gmt":"2025-10-13T08:02:50","guid":{"rendered":"https:\/\/asyakm.org\/?p=746"},"modified":"2026-02-07T11:42:14","modified_gmt":"2026-02-07T09:42:14","slug":"bediuzzaman-mevlidi-eyupsultan-camiinde","status":"publish","type":"post","link":"https:\/\/asyakm.org\/index.php\/2025\/10\/13\/bediuzzaman-mevlidi-eyupsultan-camiinde\/","title":{"rendered":"Bedi\u00fczzaman\u00a0Mevlidi Ey\u00fcpsultan Camiinde"},"content":{"rendered":"\n<p>Bedi\u00fczzaman Hazretleri i\u00e7in \u0130stanbul\u2019daki tarih\u00ee Ey\u00fcp Sultan Camii\u2019nde mevlid okutuldu.<\/p>\n\n\n\n<p>B\u00fcy\u00fck \u0130slam \u00e2limi Bedi\u00fczzaman Said Nurs\u00ee ve ahirete irtihal etmi\u015f b\u00fct\u00fcn M\u00fcsl\u00fcmanlar\u0131n ruhu i\u00e7in d\u00fcn (12 Ekim 2025 Pazar) \u0130stanbul\u2019daki tarih\u00ee Ey\u00fcp Sultan Camii\u2019nde bir mevlid program\u0131 d\u00fczenlendi.<\/p>\n\n\n\n<p>Asya K\u00fclt\u00fcr ve Medeniyet Derne\u011fi ve Yeni Asya \u0130stanbul Okuyucular\u0131 taraf\u0131ndan organize edilen geleneksel mevlid program\u0131, \u00f6\u011fle namaz\u0131n\u0131n ard\u0131ndan okutuldu.&nbsp;<\/p>\n\n\n\n<p>Programda, ba\u015fta Peygamber Efendimiz Hz. Muhammed (asm) ba\u015fta olmak \u00fczere b\u00fct\u00fcn peygamberlerin, Ashab-\u0131 Kiram\u2019\u0131n, \u00f6zellikle de Bedi\u00fczzaman Said Nurs\u00ee Hazretlerinin ve ahirete irtihal eden Risale-i Nur Talebelerinin, ehl-i iman ve \u015fehitlerin ruhlar\u0131na ithafen Kur\u2019\u00e2n tilaveti ve dualar yap\u0131ld\u0131.<\/p>\n\n\n\n<p>A\u00e7\u0131l\u0131\u015fta konu\u015fan Ey\u00fcp Sultan M\u00fcft\u00fcs\u00fc Basri Bekta\u015f, \u201cBurada Mevlid-i Nebi okunacak. Bu memleketin manev\u00ee mimarlar\u0131ndan, iman davas\u0131n\u0131 -hem de kor ate\u015fi avu\u00e7ta ta\u015f\u0131maktan zor oldu\u011fu bir d\u00f6nemde- anlatm\u0131\u015f, binlerce insan\u0131n iman\u0131n\u0131 korumak i\u00e7in u\u011fra\u015fm\u0131\u015f, son devrin \u00e2limlerinden Bedi\u00fczzaman Said Nurs\u00ee\u2019nin ve bu memlekete din-i m\u00fcbin-i \u0130slam\u2019a hizmet etmi\u015f b\u00fct\u00fcn b\u00fcy\u00fcklerimizin ruhlar\u0131 i\u00e7in okunuyor\u201d dedi.<\/p>\n\n\n\n<p>Mevlide \u0130stanbul ve \u00e7evre illerden de i\u015ftirak edildi. Mevlid, tan\u0131\u015fma ve kayna\u015fmaya da vesile oldu.<\/p>\n\n\n\n<figure class=\"wp-block-image size-full\"><img fetchpriority=\"high\" decoding=\"async\" width=\"1000\" height=\"562\" src=\"https:\/\/asyakm.org\/wp-content\/uploads\/2025\/10\/mevlidgorsel2025.jpg\" alt=\"\" class=\"wp-image-748\" srcset=\"https:\/\/asyakm.org\/wp-content\/uploads\/2025\/10\/mevlidgorsel2025.jpg 1000w, https:\/\/asyakm.org\/wp-content\/uploads\/2025\/10\/mevlidgorsel2025-300x169.jpg 300w, https:\/\/asyakm.org\/wp-content\/uploads\/2025\/10\/mevlidgorsel2025-768x432.jpg 768w\" sizes=\"(max-width: 1000px) 100vw, 1000px\" \/><\/figure>\n\n\n\n<p><strong>Mevlid tertip heyeti ad\u0131na konu\u015fan Hasan G\u00fcne\u015f, programla ilgili olarak \u015funlar\u0131 s\u00f6yledi:<\/strong><\/p>\n\n\n\n<p>\u201cBedi\u00fczzaman Said Nurs\u00ee Hazretleri, \u0130sl\u00e2m\u2019a ve Kur\u2019\u00e2n\u2019a b\u00fcy\u00fck hizmetler etmi\u015f b\u00fcy\u00fck bir zat. Hayat\u0131n\u0131 \u0130slam d\u00fcnyas\u0131n\u0131n \u00f6zelliklee bu milletin iman\u0131n\u0131n muhafazas\u0131 ve kurtulmas\u0131 i\u00e7in adam\u0131\u015ft\u0131r. Ona olan vefam\u0131z\u0131 bir nebze olsun g\u00f6stermek ad\u0131na bu mevlidi tertip ettik. \u0130stanbul\u2019un manev\u00ee fatihi, peygamberimizin bayraktar\u0131 ve mihmandar\u0131 Ey\u00fcp Sultan Hazretlerinin mek\u00e2n\u0131 olan bu camide ona olan borcumuzu ifa etmeye \u00e7al\u0131\u015ft\u0131k. Bu mek\u00e2n, Bedi\u00fczzaman Hazretlerinin s\u0131k s\u0131k tefekk\u00fcr etti\u011fi ve itikafa \u00e7ekildi\u011fi bir yer. Ayr\u0131ca Ey\u00fcp Sultan Camii, Osmanl\u0131 padi\u015fahlar\u0131n\u0131n k\u0131l\u0131\u00e7 ku\u015fanma yeri olup, me\u015fruiyetlerini ald\u0131klar\u0131 yerdir. Bedi\u00fczzaman Hazretleri de Sultan Re\u015fad\u2019\u0131n k\u0131l\u0131\u00e7 ku\u015fanma t\u00f6reninde bulunmu\u015f ve onu \u015eark ulemas\u0131 ad\u0131na tebrik etmi\u015ftir. Bug\u00fcn burada, g\u00fczel bir mevlid d\u00fczenledik. Organizasyonu ger\u00e7ekle\u015ftirenlere, cami g\u00f6revlilerine ve b\u00fct\u00fcn kat\u0131l\u0131mc\u0131lara te\u015fekk\u00fcr ederiz. Dualar\u0131m\u0131z\u0131n memleketimizin ve \u0130sl\u00e2m d\u00fcnyas\u0131n\u0131n s\u0131k\u0131nt\u0131lar\u0131ndan kurtulmas\u0131na karde\u015flik ve samimiyetin tesisine vesile olmas\u0131n\u0131 diliyoruz.\u201d<\/p>\n","protected":false},"excerpt":{"rendered":"<p>Bedi\u00fczzaman Hazretleri i\u00e7in \u0130stanbul\u2019daki tarih\u00ee Ey\u00fcp Sultan Camii\u2019nde mevlid okutuldu. B\u00fcy\u00fck \u0130slam \u00e2limi Bedi\u00fczzaman Said Nurs\u00ee ve ahirete irtihal etmi\u015f b\u00fct\u00fcn M\u00fcsl\u00fcmanlar\u0131n ruhu i\u00e7in d\u00fcn&hellip;<\/p>\n","protected":false},"author":1,"featured_media":876,"comment_status":"open","ping_status":"open","sticky":false,"template":"","format":"standard","meta":{"footnotes":""},"categories":[4],"tags":[],"class_list":["post-746","post","type-post","status-publish","format-standard","has-post-thumbnail","hentry","category-faaliyet"],"_links":{"self":[{"href":"https:\/\/asyakm.org\/index.php\/wp-json\/wp\/v2\/posts\/746","targetHints":{"allow":["GET"]}}],"collection":[{"href":"https:\/\/asyakm.org\/index.php\/wp-json\/wp\/v2\/posts"}],"about":[{"href":"https:\/\/asyakm.org\/index.php\/wp-json\/wp\/v2\/types\/post"}],"author":[{"embeddable":true,"href":"https:\/\/asyakm.org\/index.php\/wp-json\/wp\/v2\/users\/1"}],"replies":[{"embeddable":true,"href":"https:\/\/asyakm.org\/index.php\/wp-json\/wp\/v2\/comments?post=746"}],"version-history":[{"count":7,"href":"https:\/\/asyakm.org\/index.php\/wp-json\/wp\/v2\/posts\/746\/revisions"}],"predecessor-version":[{"id":795,"href":"https:\/\/asyakm.org\/index.php\/wp-json\/wp\/v2\/posts\/746\/revisions\/795"}],"wp:featuredmedia":[{"embeddable":true,"href":"https:\/\/asyakm.org\/index.php\/wp-json\/wp\/v2\/media\/876"}],"wp:attachment":[{"href":"https:\/\/asyakm.org\/index.php\/wp-json\/wp\/v2\/media?parent=746"}],"wp:term":[{"taxonomy":"category","embeddable":true,"href":"https:\/\/asyakm.org\/index.php\/wp-json\/wp\/v2\/categories?post=746"},{"taxonomy":"post_tag","embeddable":true,"href":"https:\/\/asyakm.org\/index.php\/wp-json\/wp\/v2\/tags?post=746"}],"curies":[{"name":"wp","href":"https:\/\/api.w.org\/{rel}","templated":true}]}}