{"id":906,"date":"2026-03-09T10:37:03","date_gmt":"2026-03-09T08:37:03","guid":{"rendered":"https:\/\/asyakm.org\/?p=906"},"modified":"2026-03-09T10:37:46","modified_gmt":"2026-03-09T08:37:46","slug":"ramazanda-universite-ogrencilerine-destek","status":"publish","type":"post","link":"https:\/\/asyakm.org\/index.php\/2026\/03\/09\/ramazanda-universite-ogrencilerine-destek\/","title":{"rendered":"Ramazan\u2019da \u00dcniversite \u00d6\u011frencilerine Destek"},"content":{"rendered":"\n<p>Asya K\u00fclt\u00fcr ve Medeniyet Derne\u011fi, Ramazan ay\u0131 boyunca \u00fcniversite \u00f6\u011frencilerine y\u00f6nelik destek faaliyetlerini s\u00fcrd\u00fcr\u00fcyor.<\/p>\n\n\n\n<p>Dernek taraf\u0131ndan y\u00fcr\u00fct\u00fclen \u00e7al\u0131\u015fmalar kapsam\u0131nda \u00fcniversite \u00f6\u011frencilerine haftada d\u00f6rt g\u00fcn iftar program\u0131 d\u00fczenleniyor. Ramazan\u2019\u0131n payla\u015fma ve dayan\u0131\u015fma ruhunu ya\u015fatmay\u0131 ama\u00e7layan bu iftar sofralar\u0131nda \u00f6\u011frenciler bir araya gelerek hem birlikte iftar a\u00e7\u0131yor hem de karde\u015flik ortam\u0131nda vakit ge\u00e7iriyor.<\/p>\n\n\n\n<figure class=\"wp-block-image size-large\"><img fetchpriority=\"high\" decoding=\"async\" width=\"1024\" height=\"768\" src=\"https:\/\/asyakm.org\/wp-content\/uploads\/2026\/03\/1000179933-1024x768.jpg\" alt=\"\" class=\"wp-image-909\"\/><\/figure>\n\n\n\n<p>Ramazan faaliyetleri bununla da s\u0131n\u0131rl\u0131 kalmad\u0131. Dernek g\u00f6n\u00fcll\u00fcleri taraf\u0131ndan \u00fcniversite \u00f6\u011frenci evlerine g\u0131da kolileri ula\u015ft\u0131r\u0131ld\u0131. Ayr\u0131ca ihtiya\u00e7 sahibi 45 \u00fcniversite \u00f6\u011frencisine B\u0130M al\u0131\u015fveri\u015f kart\u0131 verilerek temel ihtiya\u00e7lar\u0131n\u0131 kar\u015f\u0131lamalar\u0131na katk\u0131 sa\u011fland\u0131.<\/p>\n\n\n\n<figure class=\"wp-block-image size-large\"><img decoding=\"async\" width=\"768\" height=\"1024\" src=\"https:\/\/asyakm.org\/wp-content\/uploads\/2026\/03\/1000185080-768x1024.jpg\" alt=\"\" class=\"wp-image-908\" srcset=\"https:\/\/asyakm.org\/wp-content\/uploads\/2026\/03\/1000185080-768x1024.jpg 768w, https:\/\/asyakm.org\/wp-content\/uploads\/2026\/03\/1000185080-225x300.jpg 225w, https:\/\/asyakm.org\/wp-content\/uploads\/2026\/03\/1000185080-1152x1536.jpg 1152w, https:\/\/asyakm.org\/wp-content\/uploads\/2026\/03\/1000185080.jpg 1536w\" sizes=\"(max-width: 768px) 100vw, 768px\" \/><\/figure>\n\n\n\n<p>Asya K\u00fclt\u00fcr ve Medeniyet Derne\u011fi yetkilileri, bu hizmetlerin hayata ge\u00e7mesinde katk\u0131 sa\u011flayan t\u00fcm ba\u011f\u0131\u015f\u00e7\u0131lara te\u015fekk\u00fcr ederek \u015fu ifadeyi kulland\u0131:\u201cRamazan ay\u0131n\u0131n bereketini \u00f6\u011frencilerimizle payla\u015fmam\u0131za vesile olan b\u00fct\u00fcn ba\u011f\u0131\u015f\u00e7\u0131lar\u0131m\u0131za ve g\u00f6n\u00fcll\u00fclerimize g\u00f6n\u00fclden te\u015fekk\u00fcr ediyoruz.\u201d<\/p>\n\n\n\n<p>Dernek, Ramazan ay\u0131 boyunca \u00f6\u011frencilere y\u00f6nelik destek \u00e7al\u0131\u015fmalar\u0131n\u0131 s\u00fcrd\u00fcrmeye devam edece\u011fini belirtti.<\/p>\n","protected":false},"excerpt":{"rendered":"<p>Asya K\u00fclt\u00fcr ve Medeniyet Derne\u011fi, Ramazan ay\u0131 boyunca \u00fcniversite \u00f6\u011frencilerine y\u00f6nelik destek faaliyetlerini s\u00fcrd\u00fcr\u00fcyor. Dernek taraf\u0131ndan y\u00fcr\u00fct\u00fclen \u00e7al\u0131\u015fmalar kapsam\u0131nda \u00fcniversite \u00f6\u011frencilerine haftada d\u00f6rt g\u00fcn iftar&hellip;<\/p>\n","protected":false},"author":1,"featured_media":907,"comment_status":"open","ping_status":"open","sticky":false,"template":"","format":"standard","meta":{"footnotes":""},"categories":[4],"tags":[],"class_list":["post-906","post","type-post","status-publish","format-standard","has-post-thumbnail","hentry","category-faaliyet"],"_links":{"self":[{"href":"https:\/\/asyakm.org\/index.php\/wp-json\/wp\/v2\/posts\/906","targetHints":{"allow":["GET"]}}],"collection":[{"href":"https:\/\/asyakm.org\/index.php\/wp-json\/wp\/v2\/posts"}],"about":[{"href":"https:\/\/asyakm.org\/index.php\/wp-json\/wp\/v2\/types\/post"}],"author":[{"embeddable":true,"href":"https:\/\/asyakm.org\/index.php\/wp-json\/wp\/v2\/users\/1"}],"replies":[{"embeddable":true,"href":"https:\/\/asyakm.org\/index.php\/wp-json\/wp\/v2\/comments?post=906"}],"version-history":[{"count":1,"href":"https:\/\/asyakm.org\/index.php\/wp-json\/wp\/v2\/posts\/906\/revisions"}],"predecessor-version":[{"id":910,"href":"https:\/\/asyakm.org\/index.php\/wp-json\/wp\/v2\/posts\/906\/revisions\/910"}],"wp:featuredmedia":[{"embeddable":true,"href":"https:\/\/asyakm.org\/index.php\/wp-json\/wp\/v2\/media\/907"}],"wp:attachment":[{"href":"https:\/\/asyakm.org\/index.php\/wp-json\/wp\/v2\/media?parent=906"}],"wp:term":[{"taxonomy":"category","embeddable":true,"href":"https:\/\/asyakm.org\/index.php\/wp-json\/wp\/v2\/categories?post=906"},{"taxonomy":"post_tag","embeddable":true,"href":"https:\/\/asyakm.org\/index.php\/wp-json\/wp\/v2\/tags?post=906"}],"curies":[{"name":"wp","href":"https:\/\/api.w.org\/{rel}","templated":true}]}}